{"id":26,"date":"2010-09-08T21:28:24","date_gmt":"2010-09-08T19:28:24","guid":{"rendered":"http:\/\/www.hoglundaberg.se\/energibloggen\/?p=26"},"modified":"2010-09-14T12:27:16","modified_gmt":"2010-09-14T10:27:16","slug":"energifundamentalism","status":"publish","type":"post","link":"http:\/\/www.hoglundaberg.se\/energibloggen\/2010\/09\/energifundamentalism\/","title":{"rendered":"Energifundamentalism"},"content":{"rendered":"<p>Hur kommer det sig att m\u00e5nga, n\u00e4r det handlar om energiproduktion, \u00e4r s\u00e5dana benh\u00e5rda <a href=\"http:\/\/www.folkkampanjen.se\/\" onclick=\"javascript:_gaq.push(['_trackEvent','outbound-article','http:\/\/www.folkkampanjen.se']);\">fundamentalister<\/a>? Det verkar finnas tre l\u00e4ger och om man inte passar in i n\u00e5got av dem \u00e4r man n\u00e5gon sorts energioutsider och en kuf. Det \u00e4r dessutom ytterst f\u00e5 som byter sida, \u00e4ven om det finns <a href=\"http:\/\/www.washingtonpost.com\/wp-dyn\/content\/article\/2006\/04\/14\/AR2006041401209.html\" onclick=\"javascript:_gaq.push(['_trackEvent','outbound-article','http:\/\/www.washingtonpost.com']);\">undantag<\/a>.<\/p>\n<p>F\u00f6rst och fr\u00e4mst har vi <a href=\"http:\/\/www.nytimes.com\/2009\/08\/25\/opinion\/25lynch.html\" onclick=\"javascript:_gaq.push(['_trackEvent','outbound-article','http:\/\/www.nytimes.com']);\">f\u00f6respr\u00e5karna<\/a> av fossila br\u00e4nslen. De som anser att oljekr\u00f6net bara \u00e4r ett katastrofscenario och inget att ta f\u00f6r allvarligt p\u00e5. Klimatf\u00f6r\u00e4ndringarna \u00e4r heller inte n\u00f6dv\u00e4ndigtvis orsakade av v\u00e5r f\u00f6rbr\u00e4nning av kol och olja utan kan mycket v\u00e4l vara naturliga variationer. Tv\u00e4rt om, fossila br\u00e4nslen \u00e4r robusta, l\u00e4tthanterliga, billiga och ganska effektiva.<\/p>\n<p>Sen kommer <a href=\"http:\/\/nuclearpoweryesplease.org\/blog\/\" onclick=\"javascript:_gaq.push(['_trackEvent','outbound-article','http:\/\/nuclearpoweryesplease.org']);\">k\u00e4rnkraftsivrarna<\/a> som bara ser f\u00f6rdelar med atomkraft. Tekniken \u00e4r vare sig komplicerad, riskfylld eller f\u00f6r med sig n\u00e5gra o\u00f6verkomliga sv\u00e5righeter med slutf\u00f6rvar av avfall. Uranreserverna \u00e4r enorma och brytning av uran skiljer sig inte n\u00e4mnv\u00e4rt fr\u00e5n annan malmbrytning. K\u00e4rnkraften \u00e4r m\u00e4nsklighetens hopp, nu och f\u00f6r alltid!<\/p>\n<p>Sist men inte minst har vi <a href=\"http:\/\/www.greenpeace.org\/international\/\" onclick=\"javascript:_gaq.push(['_trackEvent','outbound-article','http:\/\/www.greenpeace.org']);\">de<\/a> som inte kan t\u00e4nka sig andra energik\u00e4llor \u00e4n f\u00f6rnyelsebara. Att energit\u00e4theten \u00e4r minimal eller att de per definition \u00e4r intermittenta \u00e4r en bisak. Med solfarmer i Saharas \u00f6ken och vindkraftverk l\u00e4ngs varenda vindpinad kust kan hela v\u00e4rldens energif\u00f6rs\u00f6rjning s\u00e4kras utan att flora eller fauna kommer till skada.<\/p>\n<p>Jag f\u00f6rst\u00e5r inte denna polarisering. Sj\u00e4lv ser jag po\u00e4nger med en h\u00e4lsosam kombination av samtliga energik\u00e4llor. Fossila br\u00e4nslen kommer ocks\u00e5 i framtiden kr\u00e4vas under en l\u00e5ng period. \u00c4ven om bilar och t\u00e5g i stor utstr\u00e4ckning relativt enkelt kan drivas av exempelvis el redan idag kommer det dr\u00f6ja innan samma sak \u00e4r m\u00f6jligt f\u00f6r st\u00f6rre fartyg och flygplan. Fossila br\u00e4nslen \u00e4r dessutom ov\u00e4rderliga i reservkraftverk, till exempel f\u00f6r tillf\u00e4llig <a href=\"http:\/\/en.wikipedia.org\/wiki\/Emergency_power_system\" onclick=\"javascript:_gaq.push(['_trackEvent','outbound-article','http:\/\/en.wikipedia.org']);\">energif\u00f6rs\u00f6rjning <\/a>av sjukhus och andra viktiga samh\u00e4llsfunktioner. Det \u00e4r f\u00e5 andra energik\u00e4llor som \u00e4r s\u00e5 enkla, kompakta och till\u00e5ter s\u00e5 snabb reglering som fossila br\u00e4nslen. Oljan \u00e4r dock en \u00e4ndlig reserv och storskaligt bruk av fossila br\u00e4nslen har inom en \u00f6versk\u00e5dlig framtid f\u00f6rhoppningsvis sett sina glansdagar.<\/p>\n<p>K\u00e4rnkraften \u00e4r ov\u00e4rderlig som <a href=\"http:\/\/en.wikipedia.org\/wiki\/Base_power\" onclick=\"javascript:_gaq.push(['_trackEvent','outbound-article','http:\/\/en.wikipedia.org']);\">baskraft<\/a>. Den levererar energi med enorm energidensitet med mycket h\u00f6g tillf\u00f6rlitlighet till ett l\u00e5gt pris. I synnerhet i t\u00e4tbefolkade omr\u00e5den som Europa kommer k\u00e4rnkraften till sin r\u00e4tt. F\u00f6r att k\u00e4rnkraften skall vara helt f\u00f6rsvarbar kr\u00e4vs dock att en h\u00e4lsosam <a href=\"http:\/\/www-ns.iaea.org\/\" onclick=\"javascript:_gaq.push(['_trackEvent','outbound-article','http:\/\/www-ns.iaea.org']);\">s\u00e4kerhetskultur<\/a> ALLTID har f\u00f6retr\u00e4de framf\u00f6r kortsiktiga vinstintressen.<\/p>\n<p><a href=\"http:\/\/en.wikipedia.org\/wiki\/Renewable_energy\" onclick=\"javascript:_gaq.push(['_trackEvent','outbound-article','http:\/\/en.wikipedia.org']);\">F\u00f6rnyelsebara<\/a> energik\u00e4llor st\u00e5r f\u00f6r resten. Ju st\u00f6rre andel av energin som kan produceras av sol-, vind eller vattenkraftverk desto b\u00e4ttre. H\u00e4r l\u00e4mpar sig dock glest befolkade omr\u00e5den med gynnsam natur b\u00e4ttre. Det g\u00e4ller ocks\u00e5 att komma ih\u00e5g att n\u00e5gon typ av energireserv kr\u00e4vs f\u00f6r varje andel energi som produceras av intermittenta energik\u00e4llor som sol och vind.<\/p>\n<p>Slutligen \u00e4r den politiska polarisationen ett mysterium f\u00f6r mig. Hur kommer det sig att just v\u00e4nstern och tills alldeles nyligen <a href=\"http:\/\/www.centerpartiet.se\/Centerpolitik\/Politikomraden\/Miljo-energi-och-klimat\/Politik-A---O\/Karnkraft\/\" onclick=\"javascript:_gaq.push(['_trackEvent','outbound-article','http:\/\/www.centerpartiet.se']);\">Centerpartiet<\/a> alltid har tagit avst\u00e5nd fr\u00e5n k\u00e4rnkraft? Och varf\u00f6r \u00e4r m\u00e5nga inom h\u00f6gern s\u00e5 skeptiska till f\u00f6rnyelsebar energi? Att milj\u00f6v\u00e4nnerna mots\u00e4tter sig allt som ger upphov till stora utsl\u00e4pp \u00e4r v\u00e4l f\u00f6rst\u00e5eligt, men varf\u00f6r motarbetar man d\u00e5 k\u00e4rnkraftsforskning som p\u00e5 sikt kan reducera m\u00e4ngden och aktiviteten i det avfall vi redan samlat p\u00e5 oss? En god <a href=\"http:\/\/www.olausmarkus.se\/\" onclick=\"javascript:_gaq.push(['_trackEvent','outbound-article','http:\/\/www.olausmarkus.se']);\">v\u00e4n<\/a> till mig sa:<\/p>\n<blockquote><p>\u201dEnligt min mening \u00e4r inte socialismen teknikfientlig\u201d<\/p><\/blockquote>\n<p>Varf\u00f6r beter den sig s\u00e5 d\u00e5? All heder till f\u00f6rsvarare av m\u00e4nniskor, djur och natur, men m\u00e5nga g\u00e5nger tror jag inte de har en aning huruvida det de s\u00e4ger \u00e4r f\u00f6rankrat i verkligheten eller inte. Jag har full f\u00f6rst\u00e5else f\u00f6r att offentliga personer inte kan ha full insikt inom alla omr\u00e5den men det \u00e4r inte s\u00e5 sv\u00e5rt att ta reda p\u00e5 neutrala of\u00e4rgade uppgifter innan man uttalar sig.<\/p>\n<p>Inom energipolitiken kr\u00e4vs samf\u00f6rst\u00e5nd och breda l\u00e5ngsiktiga satsningar. Man kan inte s\u00e4tta ig\u00e5ng enorma infrastrukturprojekt en mandatperiod bara f\u00f6r att fyra \u00e5r senare bl\u00e5sa av dem eller radikalt <a href=\"http:\/\/www.dn.se\/nyheter\/valet2010\/sahlin-alliansen-forvrirrar-om-karnkraften-1.1108086\" onclick=\"javascript:_gaq.push(['_trackEvent','outbound-article','http:\/\/www.dn.se']);\">\u00e4ndra<\/a> f\u00f6ruts\u00e4ttningarna. Energipolitiken \u00e4r en satsning p\u00e5 v\u00e5r framtid, inte p\u00e5 politikers egna f\u00f6rel\u00e4sningsarvoden efter uttr\u00e4de ur riksdagen. Handen p\u00e5 hj\u00e4rtat, hur m\u00e5nga politiker har egentligen en aning om de l\u00e5ngsiktiga f\u00f6ljderna av deras idiotiska infall? Och hur m\u00e5nga bryr sig?<\/p>\n<div class=\"linkwithin_hook\" id=\"http:\/\/www.hoglundaberg.se\/energibloggen\/2010\/09\/energifundamentalism\/\"><\/div><script>\n<!-- \/\/LinkWithinCodeStart\nvar linkwithin_site_id = 787761;\nvar linkwithin_div_class = \"linkwithin_hook\";\n\/\/LinkWithinCodeEnd -->\n<\/script>\n<script src=\"http:\/\/www.linkwithin.com\/widget.js\"><\/script>\n<a href=\"http:\/\/www.linkwithin.com\/\" onclick=\"javascript:_gaq.push(['_trackEvent','outbound-article','http:\/\/www.linkwithin.com']);\"><img decoding=\"async\" src=\"http:\/\/www.linkwithin.com\/pixel.png\" alt=\"Related Posts Plugin for WordPress, Blogger...\" style=\"border: 0\" \/><\/a>","protected":false},"excerpt":{"rendered":"<p>Hur kommer det sig att m\u00e5nga, n\u00e4r det handlar om energiproduktion, \u00e4r s\u00e5dana benh\u00e5rda fundamentalister? Det verkar finnas tre l\u00e4ger och om man inte passar in i n\u00e5got av dem \u00e4r man n\u00e5gon sorts energioutsider och en kuf. Det \u00e4r &hellip; <a href=\"http:\/\/www.hoglundaberg.se\/energibloggen\/2010\/09\/energifundamentalism\/\" >L\u00e4s mer <span class=\"meta-nav\">&rarr;<\/span><\/a><\/p>\n<script>\n<!-- \/\/LinkWithinCodeStart\nvar linkwithin_site_id = 787761;\nvar linkwithin_div_class = \"linkwithin_hook\";\n\/\/LinkWithinCodeEnd -->\n<\/script>\n<script src=\"http:\/\/www.linkwithin.com\/widget.js\"><\/script>\n<a href=\"http:\/\/www.linkwithin.com\/\" onclick=\"javascript:_gaq.push(['_trackEvent','outbound-article','http:\/\/www.linkwithin.com']);\"><img decoding=\"async\" src=\"http:\/\/www.linkwithin.com\/pixel.png\" alt=\"Related Posts Plugin for WordPress, Blogger...\" style=\"border: 0\" \/><\/a>","protected":false},"author":1,"featured_media":0,"comment_status":"open","ping_status":"open","sticky":false,"template":"","format":"standard","meta":{"footnotes":""},"categories":[6,11,12,3],"tags":[],"_links":{"self":[{"href":"http:\/\/www.hoglundaberg.se\/energibloggen\/wp-json\/wp\/v2\/posts\/26"}],"collection":[{"href":"http:\/\/www.hoglundaberg.se\/energibloggen\/wp-json\/wp\/v2\/posts"}],"about":[{"href":"http:\/\/www.hoglundaberg.se\/energibloggen\/wp-json\/wp\/v2\/types\/post"}],"author":[{"embeddable":true,"href":"http:\/\/www.hoglundaberg.se\/energibloggen\/wp-json\/wp\/v2\/users\/1"}],"replies":[{"embeddable":true,"href":"http:\/\/www.hoglundaberg.se\/energibloggen\/wp-json\/wp\/v2\/comments?post=26"}],"version-history":[{"count":7,"href":"http:\/\/www.hoglundaberg.se\/energibloggen\/wp-json\/wp\/v2\/posts\/26\/revisions"}],"predecessor-version":[{"id":53,"href":"http:\/\/www.hoglundaberg.se\/energibloggen\/wp-json\/wp\/v2\/posts\/26\/revisions\/53"}],"wp:attachment":[{"href":"http:\/\/www.hoglundaberg.se\/energibloggen\/wp-json\/wp\/v2\/media?parent=26"}],"wp:term":[{"taxonomy":"category","embeddable":true,"href":"http:\/\/www.hoglundaberg.se\/energibloggen\/wp-json\/wp\/v2\/categories?post=26"},{"taxonomy":"post_tag","embeddable":true,"href":"http:\/\/www.hoglundaberg.se\/energibloggen\/wp-json\/wp\/v2\/tags?post=26"}],"curies":[{"name":"wp","href":"https:\/\/api.w.org\/{rel}","templated":true}]}}