{"id":1619,"date":"2014-11-12T15:33:23","date_gmt":"2014-11-12T13:33:23","guid":{"rendered":"http:\/\/www.hoglundaberg.se\/energibloggen\/?p=1619"},"modified":"2014-11-12T15:33:23","modified_gmt":"2014-11-12T13:33:23","slug":"tyskland-pa-vag-att-misslyckas-med-sina-klimatataganden","status":"publish","type":"post","link":"http:\/\/www.hoglundaberg.se\/energibloggen\/2014\/11\/tyskland-pa-vag-att-misslyckas-med-sina-klimatataganden\/","title":{"rendered":"Tyskland p\u00e5 v\u00e4g att misslyckas med sina klimat\u00e5taganden?"},"content":{"rendered":"<p>I b\u00f6rjan av 2012 skrev jag ett <a href=\"http:\/\/www.hoglundaberg.se\/energibloggen\/2012\/01\/nyheter-3\/\" >inl\u00e4gg<\/a> d\u00e4r jag menade att n\u00e4r\u00a0<em>energiewende\u00a0<\/em>blir f\u00f6r dyrt kommer tyskarna successivt b\u00f6rja g\u00f6ra avsteg fr\u00e5n de ing\u00e5ngna \u00f6verenskommelserna.<\/p>\n<blockquote><p><span style=\"color: #666666;\">Hade det varit s\u00e5 att de europeiska utsl\u00e4ppstaken kunde f\u00f6rhindra den tyska fossila expansionen skulle antagligen det h\u00e4r vara b\u00f6rjan till slutet p\u00e5 Tysklands tid som industriell och ekonomisk stormakt. Vad som i verkligheten kommer h\u00e4nda \u00e4r nog att man successivt b\u00f6rjar ignorera de \u00f6verenskomna gr\u00e4nsniv\u00e5erna, precis som man redan gjort med exempelvis begr\u00e4nsningar i statsskuld och budgetunderskott.<\/span><\/p><\/blockquote>\n<p>Nu kommer de f\u00f6rsta tecknen p\u00e5 detta \u00e4r p\u00e5 v\u00e4g att intr\u00e4ffa. Tysklands ekonomi- och energiminister, Sigmar Gabriel, har <a href=\"http:\/\/uk.reuters.com\/article\/2014\/10\/12\/uk-germany-energy-idUKKCN0I10LW20141012\" onclick=\"javascript:_gaq.push(['_trackEvent','outbound-article','http:\/\/uk.reuters.com']);\">deklarerat<\/a> att det inte g\u00e5r att avveckla elproduktion fr\u00e5n kol- och k\u00e4rnkraft samtidigt. Samtidigt har ministern <a href=\"http:\/\/www.thegwpf.com\/germany-moves-away-from-2020-climate-targets\/\" onclick=\"javascript:_gaq.push(['_trackEvent','outbound-article','http:\/\/www.thegwpf.com']);\">uttalat<\/a>\u00a0att det sannolikt inte g\u00e5r att n\u00e5 de \u00f6verenskomna m\u00e5len med en 40 %-ig reduktion av utsl\u00e4ppen till 2020 utan att den inhemska industrin f\u00e5r betala ett alltf\u00f6r h\u00f6gt pris.<\/p>\n<p>Men det kanske redan \u00e4r f\u00f6r sent? Den tyska industrij\u00e4tten <a href=\"http:\/\/en.wikipedia.org\/wiki\/BASF\" onclick=\"javascript:_gaq.push(['_trackEvent','outbound-article','http:\/\/en.wikipedia.org']);\">BASF<\/a>, v\u00e4rldens st\u00f6rsta kemikoncern, l\u00e4gger sina <a href=\"http:\/\/www.nytimes.com\/2014\/10\/25\/business\/international\/basf-an-industrial-pillar-in-germany-leans-abroad.html\" onclick=\"javascript:_gaq.push(['_trackEvent','outbound-article','http:\/\/www.nytimes.com']);\">framtida<\/a> <a href=\"http:\/\/www.reuters.com\/article\/2013\/11\/10\/basf-energy-costs-idUSL5N0IV0BQ20131110\" onclick=\"javascript:_gaq.push(['_trackEvent','outbound-article','http:\/\/www.reuters.com']);\">investeringar <\/a>utomlands p\u00e5 grund av de h\u00f6ga energikostnaderna p\u00e5 hemmaplan.<\/p>\n<p>Passande nog har nu ocks\u00e5 <a href=\"http:\/\/www.theguardian.com\/environment\/2014\/nov\/12\/china-and-us-make-carbon-pledge\" onclick=\"javascript:_gaq.push(['_trackEvent','outbound-article','http:\/\/www.theguardian.com']);\">USA och Kina<\/a> f\u00f6r f\u00f6rsta g\u00e5ngen ing\u00e5tt ett avtal att s\u00e4nka utsl\u00e4ppen av klimatgaser. USA lovar att minska utsl\u00e4ppen med en fj\u00e4rdedel fr\u00e5n 2005 \u00e5rs niv\u00e5er till 2025. Kina d\u00e4remot kan inte lova mer \u00e4n att utsl\u00e4ppen ska minska efter 2030 och att minst 20% av energin d\u00e5 ska komma fr\u00e5n k\u00e4llor med l\u00e5ga utsl\u00e4pp av klimatgaser. Ett v\u00e5gat l\u00f6fte.<\/p>\n<blockquote><p><span style=\"color: #333333;\">It will require China to deploy an additional 800-1,000 gigawatts of nuclear, wind, solar and other zero-emission generation capacity by 2030 \u2013 more than all the coal-fired power plants that exist in China today and close to total current electricity generation capacity in the United States.<\/span><\/p><\/blockquote>\n<div class=\"linkwithin_hook\" id=\"http:\/\/www.hoglundaberg.se\/energibloggen\/2014\/11\/tyskland-pa-vag-att-misslyckas-med-sina-klimatataganden\/\"><\/div><script>\n<!-- \/\/LinkWithinCodeStart\nvar linkwithin_site_id = 787761;\nvar linkwithin_div_class = \"linkwithin_hook\";\n\/\/LinkWithinCodeEnd -->\n<\/script>\n<script src=\"http:\/\/www.linkwithin.com\/widget.js\"><\/script>\n<a href=\"http:\/\/www.linkwithin.com\/\" onclick=\"javascript:_gaq.push(['_trackEvent','outbound-article','http:\/\/www.linkwithin.com']);\"><img decoding=\"async\" src=\"http:\/\/www.linkwithin.com\/pixel.png\" alt=\"Related Posts Plugin for WordPress, Blogger...\" style=\"border: 0\" \/><\/a>","protected":false},"excerpt":{"rendered":"<p>I b\u00f6rjan av 2012 skrev jag ett inl\u00e4gg d\u00e4r jag menade att n\u00e4r\u00a0energiewende\u00a0blir f\u00f6r dyrt kommer tyskarna successivt b\u00f6rja g\u00f6ra avsteg fr\u00e5n de ing\u00e5ngna \u00f6verenskommelserna. Hade det varit s\u00e5 att de europeiska utsl\u00e4ppstaken kunde f\u00f6rhindra den tyska fossila expansionen skulle &hellip; <a href=\"http:\/\/www.hoglundaberg.se\/energibloggen\/2014\/11\/tyskland-pa-vag-att-misslyckas-med-sina-klimatataganden\/\" >L\u00e4s mer <span class=\"meta-nav\">&rarr;<\/span><\/a><\/p>\n<script>\n<!-- \/\/LinkWithinCodeStart\nvar linkwithin_site_id = 787761;\nvar linkwithin_div_class = \"linkwithin_hook\";\n\/\/LinkWithinCodeEnd -->\n<\/script>\n<script src=\"http:\/\/www.linkwithin.com\/widget.js\"><\/script>\n<a href=\"http:\/\/www.linkwithin.com\/\" onclick=\"javascript:_gaq.push(['_trackEvent','outbound-article','http:\/\/www.linkwithin.com']);\"><img decoding=\"async\" src=\"http:\/\/www.linkwithin.com\/pixel.png\" alt=\"Related Posts Plugin for WordPress, Blogger...\" style=\"border: 0\" \/><\/a>","protected":false},"author":1,"featured_media":0,"comment_status":"open","ping_status":"open","sticky":false,"template":"","format":"standard","meta":{"footnotes":""},"categories":[3,86,56,62],"tags":[],"_links":{"self":[{"href":"http:\/\/www.hoglundaberg.se\/energibloggen\/wp-json\/wp\/v2\/posts\/1619"}],"collection":[{"href":"http:\/\/www.hoglundaberg.se\/energibloggen\/wp-json\/wp\/v2\/posts"}],"about":[{"href":"http:\/\/www.hoglundaberg.se\/energibloggen\/wp-json\/wp\/v2\/types\/post"}],"author":[{"embeddable":true,"href":"http:\/\/www.hoglundaberg.se\/energibloggen\/wp-json\/wp\/v2\/users\/1"}],"replies":[{"embeddable":true,"href":"http:\/\/www.hoglundaberg.se\/energibloggen\/wp-json\/wp\/v2\/comments?post=1619"}],"version-history":[{"count":2,"href":"http:\/\/www.hoglundaberg.se\/energibloggen\/wp-json\/wp\/v2\/posts\/1619\/revisions"}],"predecessor-version":[{"id":1621,"href":"http:\/\/www.hoglundaberg.se\/energibloggen\/wp-json\/wp\/v2\/posts\/1619\/revisions\/1621"}],"wp:attachment":[{"href":"http:\/\/www.hoglundaberg.se\/energibloggen\/wp-json\/wp\/v2\/media?parent=1619"}],"wp:term":[{"taxonomy":"category","embeddable":true,"href":"http:\/\/www.hoglundaberg.se\/energibloggen\/wp-json\/wp\/v2\/categories?post=1619"},{"taxonomy":"post_tag","embeddable":true,"href":"http:\/\/www.hoglundaberg.se\/energibloggen\/wp-json\/wp\/v2\/tags?post=1619"}],"curies":[{"name":"wp","href":"https:\/\/api.w.org\/{rel}","templated":true}]}}