{"id":1436,"date":"2013-11-11T12:22:38","date_gmt":"2013-11-11T10:22:38","guid":{"rendered":"http:\/\/www.hoglundaberg.se\/energibloggen\/?p=1436"},"modified":"2015-06-09T16:03:57","modified_gmt":"2015-06-09T14:03:57","slug":"vanstern-bor-gora-upp-med-sitt-slentrianmassiga-forhallningssatt-till-karnkraften-del-1","status":"publish","type":"post","link":"http:\/\/www.hoglundaberg.se\/energibloggen\/2013\/11\/vanstern-bor-gora-upp-med-sitt-slentrianmassiga-forhallningssatt-till-karnkraften-del-1\/","title":{"rendered":"V\u00e4nstern b\u00f6r g\u00f6ra upp med sitt slentrianm\u00e4ssiga f\u00f6rh\u00e5llningss\u00e4tt till k\u00e4rnkraften &#8211; del 1"},"content":{"rendered":"<p>Med f\u00e5 undantag har partierna p\u00e5 v\u00e4nsterkanten, b\u00e5de i Sverige och utomlands, avvecklingen av k\u00e4rnkraften inskrivet i sina partiprogram. Hos b\u00e5de V\u00e4nsterpartiet och Socialdemokraterna samt de mer obundna Milj\u00f6partiet och\u00a0Feministiskt Initiativ \u00e4r k\u00e4rnkraftsmotst\u00e5ndet en gemensam n\u00e4mnare. Detsamma g\u00e4ller organisationer som Greenpeace, WWF och Naturskyddsf\u00f6reningen. \u00c4r detta motst\u00e5nd byggt p\u00e5 vetenskapliga fakta om energiformen eller \u00e4r det rent ideologiskt betingat?<\/p>\n<p>Innan en g\u00e5r vidare med n\u00e5gra detaljer \u00e4r det n\u00f6dv\u00e4ndigt att klarg\u00f6ra vilka referensramar vi har att f\u00f6rh\u00e5lla oss till. Energi \u00e4r den m\u00e4nskliga civilisationens livsnerv. Energi beh\u00f6vs inte bara f\u00f6r att v\u00e4rma v\u00e5ra hem och laga v\u00e5r mat utan \u00e4r ocks\u00e5 en n\u00f6dv\u00e4ndighet inom industrin, jordbruket, transportsektorn och sjukv\u00e5rden. P\u00e5 gott och ont skulle inte m\u00e4nskligheten vara d\u00e4r den \u00e4r idag utan en riklig tillg\u00e5ng till energi.<\/p>\n<p>En kan ber\u00e4kna ett samh\u00e4lles energif\u00f6rbrukning genom att multiplicera befolkningen med m\u00e4ngder tj\u00e4nster som utnyttjas per person och med energif\u00f6rbrukningen per utnyttjad tj\u00e4nst. Fr\u00e5n detta enkla f\u00f6rh\u00e5llande st\u00e5r det klart att ett samh\u00e4lle med stor befolkning och h\u00f6g levnadsstandard f\u00f6rbrukar mer energi \u00e4n ett samh\u00e4lle med liten befolkning och l\u00e5g levnadsstandard. Energieffektiviseringar kan f\u00f6r\u00e4ndra detta f\u00f6rh\u00e5llande n\u00e5got men generellt kommer alltid energif\u00f6rbrukningen att \u00f6ka med \u00f6kande befolkning och \u00f6kande levnadsstandard.<\/p>\n<p>Genom att se tillbaka p\u00e5 hur energif\u00f6rbrukningen i v\u00e4rlden utvecklats \u00f6ver de g\u00e5ngna 50 \u00e5ren kan en validera detta p\u00e5st\u00e5ende [1].<\/p>\n<p><a href=\"http:\/\/www.hoglundaberg.se\/energibloggen\/wp-content\/uploads\/2013\/10\/global_energy_consumtion1.png\" ><img loading=\"lazy\" decoding=\"async\" class=\"alignnone\" title=\"global_energy_consumtion\" src=\"http:\/\/www.hoglundaberg.se\/energibloggen\/wp-content\/uploads\/2013\/10\/global_energy_consumtion1.png\" alt=\"\" width=\"635\" height=\"361\" \/><\/a><\/p>\n<p>En vanlig inv\u00e4ndning fr\u00e5n v\u00e4nster- och milj\u00f6r\u00f6relsen \u00e4r att energieffektiviseringar och ett best\u00e4mt avsteg fr\u00e5n tillv\u00e4xtparadigmen kommer leda till ett minskande behov av energi. Detta st\u00e4mmer till viss del, men bara f\u00f6r den utvecklade v\u00e4rlden. St\u00f6rre delen av jordens befolkning skulle beh\u00f6va betydligt st\u00f6rre tillg\u00e5ng till energi om de ska ha en chans att ens komma i n\u00e4rheten av att \u00e5tnjuta m\u00e5nga av de bekv\u00e4mligheter vi i v\u00e4st tar f\u00f6r givna. D\u00e5 solidaritet med sina medm\u00e4nniskor traditionellt varit n\u00e5got som legat v\u00e4nsterr\u00f6relsen varmt om hj\u00e4rtat har jag sv\u00e5rt att se hur en skulle kunna f\u00f6rneka utvecklingsl\u00e4ndernas befolkning detta.<\/p>\n<p>En ber\u00e4ttigad fr\u00e5ga \u00e4r dock om inte effektiviseringar och besparingar i v\u00e4st skulle kunna kompensera f\u00f6r eventuella \u00f6kningar i syd? Om en har som m\u00e5l att den globala energif\u00f6rbrukningen inte ska \u00f6ka trots en befolkning som v\u00e4xer enligt WHO:s medelscenario hamnar en p\u00e5 en reduktion av den genomsnittliga f\u00f6rbrukningen till ungef\u00e4r 16 MWh\/person och \u00e5r [1], [2]. Detta kan j\u00e4mf\u00f6ras med den genomsnittliga f\u00f6rbrukningen i Sverige p\u00e5 drygt 64 MWh\/person och \u00e5r och den amerikanska p\u00e5 83 MWh. Skulle vi i Sverige vilja l\u00e4gga oss p\u00e5 en globalt acceptabel niv\u00e5 inneb\u00e4r detta med andra ord 75%-iga energieffektiviseringar och\/eller -besparingar. D\u00e5 talar vi allts\u00e5 inte ens om n\u00e5gon reduktion av den globala energif\u00f6rbrukningen utan enbart att den skall plana ut.<\/p>\n<p>Greenpeace f\u00f6rutsp\u00e5r i sin\u00a0\u201d<em>the advanced energy [r]evolution \u2013 A sustainable energy outlook for Sweden\u201d<\/em><em>\u00a0<\/em>en minskning av energif\u00f6rbrukningen med knappt 40 % i deras mest optimistiska framtidsvision [3]. Om inte ens Greenpeace i sina fantasistudier kan komma fram till en niv\u00e5 som \u00e4r globalt acceptabel \u00e4r en inne p\u00e5 fel sp\u00e5r. Det \u00e4r inte mindre energi v\u00e4rlden beh\u00f6ver, det \u00e4r mer. Utmaningen ligger inte i att f\u00f6rhindra detta utan att se till att det sker p\u00e5 ett h\u00e5llbart sett.<\/p>\n<p>Vidare \u00e4r ett av de viktigaste stegen i effektiviseringen av ett energisystem att \u00f6ka graden av elektrifiering. Detta inneb\u00e4r att inte ens ett minskande energibehov n\u00f6dv\u00e4ndigtvis inneb\u00e4r ett minskande behov av elektricitet, vilket till och med Greenpeace sj\u00e4lva erk\u00e4nner i ovan n\u00e4mnda rapport.<\/p>\n<p>N\u00e4r en har accepterat att en \u00f6kad tillg\u00e5ng till energi i allm\u00e4nhet och elektricitet i synnerhet \u00e4r n\u00f6dv\u00e4ndig, \u00e4r det viktigt att ha klart f\u00f6r sig att all energiproduktion \u00e4r skadlig p\u00e5 n\u00e5got s\u00e4tt. Det finns inga gratisluncher. Det g\u00e4ller ist\u00e4llet att v\u00e4lja de former av energiproduktion som \u00e4r minst skadliga men samtidigt kan garantera en trygg f\u00f6rs\u00f6rjning under \u00f6versk\u00e5dlig tid.<\/p>\n<p>Sist men inte minst b\u00f6r en ha klart f\u00f6r sig att Sverige i m\u00e5nga avseenden \u00e4r ett undantagsfall. Det \u00e4r inte m\u00e5nga l\u00e4nder i v\u00e4rlden som har s\u00e5 goda f\u00f6ruts\u00e4ttningar som vi har. En diskussion om k\u00e4rnkraftens vara eller icke vara b\u00f6r med andra ord inte f\u00f6ras enbart f\u00f6r Sverige utan ta h\u00e4nsyn till de globala f\u00f6ruts\u00e4ttningar som finns.<\/p>\n<p>De argument som brukar framf\u00f6ras mot k\u00e4rnkraften kan i princip sammanfattas till f\u00f6ljande punkter:<\/p>\n<ol start=\"1\">\n<li><a title=\"V\u00e4nstern b\u00f6r g\u00f6ra upp med sitt slentrianm\u00e4ssiga f\u00f6rh\u00e5llningss\u00e4tt till k\u00e4rnkraften \u2013 del 2\" href=\"http:\/\/www.hoglundaberg.se\/energibloggen\/2013\/11\/vanstern-bor-gora-upp-med-sitt-slentrianmassiga-forhallningssatt-till-karnkraften-del-2\/\" >K\u00e4rnkraften \u00e4r farligare \u00e4n andra energik\u00e4llor.<\/a><\/li>\n<li><a title=\"V\u00e4nstern b\u00f6r g\u00f6ra upp med sitt slentrianm\u00e4ssiga f\u00f6rh\u00e5llningss\u00e4tt till k\u00e4rnkraften \u2013 del 3\" href=\"http:\/\/www.hoglundaberg.se\/energibloggen\/2013\/11\/vanstern-bor-gora-upp-med-sitt-slentrianmassiga-forhallningssatt-till-karnkraften-del-3\/\" >K\u00e4rnkraften l\u00e4mnar efter sig radioaktivt avfall som vi inte har en l\u00f6sning p\u00e5 hur vi ska hantera.<\/a><\/li>\n<li><a title=\"V\u00e4nstern b\u00f6r g\u00f6ra upp med sitt slentrianm\u00e4ssiga f\u00f6rh\u00e5llningss\u00e4tt till k\u00e4rnkraften \u2013 del 4\" href=\"http:\/\/www.hoglundaberg.se\/energibloggen\/2013\/11\/vanstern-bor-gora-upp-med-sitt-slentrianmassiga-forhallningssatt-till-karnkraften-del-4\/\" >K\u00e4rnkraften \u00e4r dyr, b\u00e5de att bygga och f\u00f6rs\u00e4kra, och skulle aldrig klara sig utan statliga subventioner.<\/a><\/li>\n<li><a title=\"V\u00e4nstern b\u00f6r g\u00f6ra upp med sitt slentrianm\u00e4ssiga f\u00f6rh\u00e5llningss\u00e4tt till k\u00e4rnkraften \u2013 del 5\" href=\"http:\/\/www.hoglundaberg.se\/energibloggen\/2013\/11\/vanstern-bor-gora-upp-med-sitt-slentrianmassiga-forhallningssatt-till-karnkraften-del-5\/\" >K\u00e4rnkraftens br\u00e4nsle, uran, \u00e4r en \u00e4ndlig resurs och dess utvinning \u00e4r milj\u00f6farlig.<\/a><\/li>\n<li><a title=\"V\u00e4nstern b\u00f6r g\u00f6ra upp med sitt slentrianm\u00e4ssiga f\u00f6rh\u00e5llningss\u00e4tt till k\u00e4rnkraften \u2013 del 6\" href=\"http:\/\/www.hoglundaberg.se\/energibloggen\/2013\/11\/vanstern-bor-gora-upp-med-sitt-slentrianmassiga-forhallningssatt-till-karnkraften-del-6\/\" >K\u00e4rnkraften \u00f6kar risken f\u00f6r spridning av k\u00e4rnvapen.<\/a><\/li>\n<\/ol>\n<p>I de n\u00e4stkommande delarna kommer jag bem\u00f6ta ovanst\u00e5ende punkter samt avsluta med en <a title=\"V\u00e4nstern b\u00f6r g\u00f6ra upp med sitt slentrianm\u00e4ssiga f\u00f6rh\u00e5llningss\u00e4tt till k\u00e4rnkraften \u2013 del 7\" href=\"http:\/\/www.hoglundaberg.se\/energibloggen\/2013\/11\/vanstern-bor-gora-upp-med-sitt-slentrianmassiga-forhallningssatt-till-karnkraften-del-7\/\" >sammanfattande del<\/a>.<\/p>\n<p><strong>Referenser<\/strong><\/p>\n<p>[1]\u00a0<a href=\"http:\/\/www.iea.org\/publications\/freepublications\/publication\/name,31287,en.html\" onclick=\"javascript:_gaq.push(['_trackEvent','outbound-article','http:\/\/www.iea.org']);\">http:\/\/www.iea.org\/publications\/freepublications\/publication\/name,31287,en.html<\/a><\/p>\n<p>[2]\u00a0<a href=\"http:\/\/www.un.org\/esa\/population\/publications\/longrange2\/WorldPop2300final.pdf\" onclick=\"javascript:_gaq.push(['_trackEvent','download','http:\/\/www.un.org\/esa\/population\/publications\/longrange2\/WorldPop2300final.pdf']);\">http:\/\/www.un.org\/esa\/population\/publications\/longrange2\/WorldPop2300final.pdf<\/a><\/p>\n<p>[3]\u00a0<a href=\"http:\/\/www.greenpeace.org\/sweden\/se\/rapporter-och-dokument\/The-advanced-Energy-revolution\/\" onclick=\"javascript:_gaq.push(['_trackEvent','outbound-article','http:\/\/www.greenpeace.org']);\">http:\/\/www.greenpeace.org\/sweden\/se\/rapporter-och-dokument\/The-advanced-Energy-revolution\/<\/a><\/p>\n<div class=\"linkwithin_hook\" id=\"http:\/\/www.hoglundaberg.se\/energibloggen\/2013\/11\/vanstern-bor-gora-upp-med-sitt-slentrianmassiga-forhallningssatt-till-karnkraften-del-1\/\"><\/div><script>\n<!-- \/\/LinkWithinCodeStart\nvar linkwithin_site_id = 787761;\nvar linkwithin_div_class = \"linkwithin_hook\";\n\/\/LinkWithinCodeEnd -->\n<\/script>\n<script src=\"http:\/\/www.linkwithin.com\/widget.js\"><\/script>\n<a href=\"http:\/\/www.linkwithin.com\/\" onclick=\"javascript:_gaq.push(['_trackEvent','outbound-article','http:\/\/www.linkwithin.com']);\"><img decoding=\"async\" src=\"http:\/\/www.linkwithin.com\/pixel.png\" alt=\"Related Posts Plugin for WordPress, Blogger...\" style=\"border: 0\" \/><\/a>","protected":false},"excerpt":{"rendered":"<p>Med f\u00e5 undantag har partierna p\u00e5 v\u00e4nsterkanten, b\u00e5de i Sverige och utomlands, avvecklingen av k\u00e4rnkraften inskrivet i sina partiprogram. Hos b\u00e5de V\u00e4nsterpartiet och Socialdemokraterna samt de mer obundna Milj\u00f6partiet och\u00a0Feministiskt Initiativ \u00e4r k\u00e4rnkraftsmotst\u00e5ndet en gemensam n\u00e4mnare. Detsamma g\u00e4ller organisationer som &hellip; <a href=\"http:\/\/www.hoglundaberg.se\/energibloggen\/2013\/11\/vanstern-bor-gora-upp-med-sitt-slentrianmassiga-forhallningssatt-till-karnkraften-del-1\/\" >L\u00e4s mer <span class=\"meta-nav\">&rarr;<\/span><\/a><\/p>\n<script>\n<!-- \/\/LinkWithinCodeStart\nvar linkwithin_site_id = 787761;\nvar linkwithin_div_class = \"linkwithin_hook\";\n\/\/LinkWithinCodeEnd -->\n<\/script>\n<script src=\"http:\/\/www.linkwithin.com\/widget.js\"><\/script>\n<a href=\"http:\/\/www.linkwithin.com\/\" onclick=\"javascript:_gaq.push(['_trackEvent','outbound-article','http:\/\/www.linkwithin.com']);\"><img decoding=\"async\" src=\"http:\/\/www.linkwithin.com\/pixel.png\" alt=\"Related Posts Plugin for WordPress, Blogger...\" style=\"border: 0\" \/><\/a>","protected":false},"author":1,"featured_media":0,"comment_status":"open","ping_status":"open","sticky":false,"template":"","format":"standard","meta":{"footnotes":""},"categories":[28,40,6,11,81,57,3,56,45,24,15,44,36,60,29,75,9],"tags":[],"_links":{"self":[{"href":"http:\/\/www.hoglundaberg.se\/energibloggen\/wp-json\/wp\/v2\/posts\/1436"}],"collection":[{"href":"http:\/\/www.hoglundaberg.se\/energibloggen\/wp-json\/wp\/v2\/posts"}],"about":[{"href":"http:\/\/www.hoglundaberg.se\/energibloggen\/wp-json\/wp\/v2\/types\/post"}],"author":[{"embeddable":true,"href":"http:\/\/www.hoglundaberg.se\/energibloggen\/wp-json\/wp\/v2\/users\/1"}],"replies":[{"embeddable":true,"href":"http:\/\/www.hoglundaberg.se\/energibloggen\/wp-json\/wp\/v2\/comments?post=1436"}],"version-history":[{"count":16,"href":"http:\/\/www.hoglundaberg.se\/energibloggen\/wp-json\/wp\/v2\/posts\/1436\/revisions"}],"predecessor-version":[{"id":1663,"href":"http:\/\/www.hoglundaberg.se\/energibloggen\/wp-json\/wp\/v2\/posts\/1436\/revisions\/1663"}],"wp:attachment":[{"href":"http:\/\/www.hoglundaberg.se\/energibloggen\/wp-json\/wp\/v2\/media?parent=1436"}],"wp:term":[{"taxonomy":"category","embeddable":true,"href":"http:\/\/www.hoglundaberg.se\/energibloggen\/wp-json\/wp\/v2\/categories?post=1436"},{"taxonomy":"post_tag","embeddable":true,"href":"http:\/\/www.hoglundaberg.se\/energibloggen\/wp-json\/wp\/v2\/tags?post=1436"}],"curies":[{"name":"wp","href":"https:\/\/api.w.org\/{rel}","templated":true}]}}